{"id":93,"date":"2024-06-23T16:20:50","date_gmt":"2024-06-23T14:20:50","guid":{"rendered":"https:\/\/elternbeirat-staudinger-gesamtschule.de\/?p=93"},"modified":"2024-11-10T20:54:12","modified_gmt":"2024-11-10T19:54:12","slug":"offenes-backen-auf-dem-werki","status":"publish","type":"post","link":"https:\/\/elternbeirat-staudinger-gesamtschule.de\/?p=93","title":{"rendered":"Offenes Backen auf dem Werki  &#8211; Absage f\u00fcr den 05.11.2024"},"content":{"rendered":"\n<p>Leider m\u00fcssen wir das offene Backen in dieser Woche wegen schlechtem Wetter absagen.<\/p>\n\n\n\n<p>Merkt Euch schon mal den n\u00e4chsten Termin vor: Mittwoch, 09.04.2025 ab 17 Uhr.<\/p>\n\n\n\n<p>Beim offenen Backen kann die ganze Staudi-Gemeinschaft teilnehmen. Einfach Teig, Belag und Geschirr mitbringen und schon kann es losgehen. Der Ofen ist eingeheizt und wir freuen uns auf ein gem\u00fctliches Beisammensein, interessante Gespr\u00e4che und viele neue Gesichter.<\/p>\n\n\n\n<p>Mehr Infos gibt es hier: <a href=\"https:\/\/staudinger-gesamtschule.de\/werki-backofen\/\">https:\/\/staudinger-gesamtschule.de\/werki-backofen\/<\/a><\/p>\n\n\n\n<p>Bitte beachten: der Werki an sich (d.h. der H\u00fcttenbereich) ist gesperrt und darf auch nicht betreten werden. Wie es immer so sch\u00f6n hei\u00dft \u2013 Eltern haften f\u00fcr Ihre Kinder! Der Bereich ist einfach den H\u00fcttenbauern vorbehalten \u2013 wir hoffen hier auf euer Verst\u00e4ndnis?<br><\/p>\n","protected":false},"excerpt":{"rendered":"<p>Leider m\u00fcssen wir das offene Backen in dieser Woche wegen schlechtem Wetter absagen. Merkt Euch schon mal den n\u00e4chsten Termin vor: Mittwoch, 09.04.2025 ab 17 Uhr. Beim offenen Backen kann [&hellip;]<\/p>\n","protected":false},"author":2,"featured_media":0,"comment_status":"closed","ping_status":"closed","sticky":false,"template":"","format":"standard","meta":{"footnotes":""},"categories":[7,14],"tags":[],"class_list":["post-93","post","type-post","status-publish","format-standard","hentry","category-aktionen","category-nuetzliches-fuer-eltern"],"_links":{"self":[{"href":"https:\/\/elternbeirat-staudinger-gesamtschule.de\/index.php?rest_route=\/wp\/v2\/posts\/93","targetHints":{"allow":["GET"]}}],"collection":[{"href":"https:\/\/elternbeirat-staudinger-gesamtschule.de\/index.php?rest_route=\/wp\/v2\/posts"}],"about":[{"href":"https:\/\/elternbeirat-staudinger-gesamtschule.de\/index.php?rest_route=\/wp\/v2\/types\/post"}],"author":[{"embeddable":true,"href":"https:\/\/elternbeirat-staudinger-gesamtschule.de\/index.php?rest_route=\/wp\/v2\/users\/2"}],"replies":[{"embeddable":true,"href":"https:\/\/elternbeirat-staudinger-gesamtschule.de\/index.php?rest_route=%2Fwp%2Fv2%2Fcomments&post=93"}],"version-history":[{"count":11,"href":"https:\/\/elternbeirat-staudinger-gesamtschule.de\/index.php?rest_route=\/wp\/v2\/posts\/93\/revisions"}],"predecessor-version":[{"id":1022,"href":"https:\/\/elternbeirat-staudinger-gesamtschule.de\/index.php?rest_route=\/wp\/v2\/posts\/93\/revisions\/1022"}],"wp:attachment":[{"href":"https:\/\/elternbeirat-staudinger-gesamtschule.de\/index.php?rest_route=%2Fwp%2Fv2%2Fmedia&parent=93"}],"wp:term":[{"taxonomy":"category","embeddable":true,"href":"https:\/\/elternbeirat-staudinger-gesamtschule.de\/index.php?rest_route=%2Fwp%2Fv2%2Fcategories&post=93"},{"taxonomy":"post_tag","embeddable":true,"href":"https:\/\/elternbeirat-staudinger-gesamtschule.de\/index.php?rest_route=%2Fwp%2Fv2%2Ftags&post=93"}],"curies":[{"name":"wp","href":"https:\/\/api.w.org\/{rel}","templated":true}]}}