{"id":842,"date":"2024-10-22T20:58:44","date_gmt":"2024-10-22T18:58:44","guid":{"rendered":"https:\/\/elternbeirat-staudinger-gesamtschule.de\/?p=842"},"modified":"2024-10-22T21:30:21","modified_gmt":"2024-10-22T19:30:21","slug":"elternbeiratskonferenz-am-17-10-2024-rueckblick","status":"publish","type":"post","link":"https:\/\/elternbeirat-staudinger-gesamtschule.de\/?p=842","title":{"rendered":"Elternbeiratskonferenz\u00a0am\u00a017.10.2024\u00a0\u2013\u00a0R\u00fcckblick"},"content":{"rendered":"\n<figure class=\"wp-block-image size-large\"><img loading=\"lazy\" decoding=\"async\" width=\"819\" height=\"1024\" src=\"https:\/\/elternbeirat-staudinger-gesamtschule.de\/wp-content\/uploads\/2024\/10\/photocollage_20241019002958_resized-819x1024.jpg\" alt=\"17.10.2024 | EBR-Konferenz | Collage\" class=\"wp-image-857\" srcset=\"https:\/\/elternbeirat-staudinger-gesamtschule.de\/wp-content\/uploads\/2024\/10\/photocollage_20241019002958_resized-819x1024.jpg 819w, https:\/\/elternbeirat-staudinger-gesamtschule.de\/wp-content\/uploads\/2024\/10\/photocollage_20241019002958_resized-240x300.jpg 240w, https:\/\/elternbeirat-staudinger-gesamtschule.de\/wp-content\/uploads\/2024\/10\/photocollage_20241019002958_resized-768x960.jpg 768w, https:\/\/elternbeirat-staudinger-gesamtschule.de\/wp-content\/uploads\/2024\/10\/photocollage_20241019002958_resized-1228x1536.jpg 1228w, https:\/\/elternbeirat-staudinger-gesamtschule.de\/wp-content\/uploads\/2024\/10\/photocollage_20241019002958_resized-1638x2048.jpg 1638w, https:\/\/elternbeirat-staudinger-gesamtschule.de\/wp-content\/uploads\/2024\/10\/photocollage_20241019002958_resized-scaled.jpg 2047w\" sizes=\"auto, (max-width: 819px) 100vw, 819px\" \/><\/figure>\n\n\n\n<p><\/p>\n\n\n\n<p><em>Liebe&nbsp;Eltern,&nbsp;Lehrende&nbsp;und&nbsp;Interessierte,<\/em><\/p>\n\n\n\n<p style=\"font-size:15px\">am 17. Oktober 2024 fand unsere Elternbeiratskonferenz im Werki statt, zu der wir zahlreiche Teilnehmer begr\u00fc\u00dfen durften. Besonders erfreulich war die Anwesenheit unseres Schulleiters, Martin Baumgarten, der den Eltern f\u00fcr die hervorragende, kooperative und offene Zusammenarbeit dankte.<\/p>\n\n\n\n<p>Die Konferenz bot eine wertvolle Gelegenheit, um Fragen zu kl\u00e4ren, sich auszutauschen und die Arbeit des vergangenen Jahres zu reflektieren. Bei Zwiebelkuchen und neuem S\u00fc\u00dfen konnten wir uns st\u00e4rken und in angenehmer Atmosph\u00e4re miteinander ins Gespr\u00e4ch kommen.<\/p>\n\n\n\n<p>Wir freuen uns, dass der Vorsitz entlastet werden konnte und die Gespr\u00e4che von einem positiven und konstruktiven Geist gepr\u00e4gt waren.<\/p>\n\n\n\n<p>Ein besonderer Dank gilt dem alten Vorsitz, bestehend aus Esther Gehring, Micha Fallenb\u00fcchel und Anja G\u00f6ssel, die wir feierlich verabschiedet haben. <br>Wir freuen uns, Axel Trunz, Kerstin Rieger und Anja G\u00f6ssel als neuen Vorsitz willkommen zu hei\u00dfen und sind gespannt auf die kommenden Projekte und Initiativen.<\/p>\n\n\n\n<p>Insgesamt war es ein sehr netter Abend mit interessanten Gespr\u00e4chen und wertvollen Impulsen f\u00fcr die Zukunft unserer Schule.<\/p>\n\n\n\n<p style=\"font-size:15px\">Wir danken allen Beteiligten f\u00fcr ihr Engagement und freuen uns auf eine weiterhin gute Zusammenarbeit!<\/p>\n\n\n\n<h2 class=\"wp-block-heading\"><\/h2>\n","protected":false},"excerpt":{"rendered":"<p>Liebe&nbsp;Eltern,&nbsp;Lehrende&nbsp;und&nbsp;Interessierte, am 17. Oktober 2024 fand unsere Elternbeiratskonferenz im Werki statt, zu der wir zahlreiche Teilnehmer begr\u00fc\u00dfen durften. Besonders erfreulich war die Anwesenheit unseres Schulleiters, Martin Baumgarten, der den Eltern [&hellip;]<\/p>\n","protected":false},"author":2,"featured_media":0,"comment_status":"closed","ping_status":"closed","sticky":false,"template":"","format":"aside","meta":{"footnotes":""},"categories":[15,14],"tags":[],"class_list":["post-842","post","type-post","status-publish","format-aside","hentry","category-infos-aus-gremien","category-nuetzliches-fuer-eltern","post_format-post-format-aside"],"_links":{"self":[{"href":"https:\/\/elternbeirat-staudinger-gesamtschule.de\/index.php?rest_route=\/wp\/v2\/posts\/842","targetHints":{"allow":["GET"]}}],"collection":[{"href":"https:\/\/elternbeirat-staudinger-gesamtschule.de\/index.php?rest_route=\/wp\/v2\/posts"}],"about":[{"href":"https:\/\/elternbeirat-staudinger-gesamtschule.de\/index.php?rest_route=\/wp\/v2\/types\/post"}],"author":[{"embeddable":true,"href":"https:\/\/elternbeirat-staudinger-gesamtschule.de\/index.php?rest_route=\/wp\/v2\/users\/2"}],"replies":[{"embeddable":true,"href":"https:\/\/elternbeirat-staudinger-gesamtschule.de\/index.php?rest_route=%2Fwp%2Fv2%2Fcomments&post=842"}],"version-history":[{"count":29,"href":"https:\/\/elternbeirat-staudinger-gesamtschule.de\/index.php?rest_route=\/wp\/v2\/posts\/842\/revisions"}],"predecessor-version":[{"id":888,"href":"https:\/\/elternbeirat-staudinger-gesamtschule.de\/index.php?rest_route=\/wp\/v2\/posts\/842\/revisions\/888"}],"wp:attachment":[{"href":"https:\/\/elternbeirat-staudinger-gesamtschule.de\/index.php?rest_route=%2Fwp%2Fv2%2Fmedia&parent=842"}],"wp:term":[{"taxonomy":"category","embeddable":true,"href":"https:\/\/elternbeirat-staudinger-gesamtschule.de\/index.php?rest_route=%2Fwp%2Fv2%2Fcategories&post=842"},{"taxonomy":"post_tag","embeddable":true,"href":"https:\/\/elternbeirat-staudinger-gesamtschule.de\/index.php?rest_route=%2Fwp%2Fv2%2Ftags&post=842"}],"curies":[{"name":"wp","href":"https:\/\/api.w.org\/{rel}","templated":true}]}}