{"id":779,"date":"2024-07-23T17:41:40","date_gmt":"2024-07-23T15:41:40","guid":{"rendered":"https:\/\/elternbeirat-staudinger-gesamtschule.de\/?p=779"},"modified":"2024-07-23T18:00:23","modified_gmt":"2024-07-23T16:00:23","slug":"20-050-km-fuer-den-klimaschutz","status":"publish","type":"post","link":"https:\/\/elternbeirat-staudinger-gesamtschule.de\/?p=779","title":{"rendered":"20.050 km f\u00fcr den Klimaschutz!"},"content":{"rendered":"\n<p>Drei Wochen lang haben Sch\u00fcler:innen, Eltern, Lehrer:innen und Staudi-Engagierte f\u00fcr unser Schulteam beim Stadtradeln Kilometer gesammelt.<\/p>\n\n\n\n<h1 class=\"wp-block-heading\"><strong>WIR<\/strong>\u2026<\/h1>\n\n\n\n<ul id=\"block-f494c340-d36b-4a0f-97f7-7f173aacb9a2\" class=\"wp-block-list\">\n<li>112 Radelnde von insgesamt 10.602 Freiburger*innen, die mitgeradelt sind<\/li>\n\n\n\n<li>Platz 16 &#8211; und damit um 5 Pl\u00e4tze im Vergleich zu 2023 verbessert! &#8211; von insgesamt 533 Freiburger Teams<\/li>\n\n\n\n<li><strong>20.050 km<\/strong> von insgesamt 2.308.067 geradelte Freiburger<strong> Kilometer<\/strong><\/li>\n\n\n\n<li>3.174 kg von&nbsp; insgesamt 383.000 kg <strong>CO<sub>2 <\/sub>Vermeidung<\/strong><\/li>\n\n\n\n<li><strong>Wettbewerb Schulradeln &#8211; Platz 4 von insgesamt 41 Freiburger Schulteams<\/strong><\/li>\n\n\n\n<li>F\u00fcnf Klassen-Unterteams \u2013 <strong>Gro\u00dfes Lob an die Klassen 5a\/f, 6a\/c und 10a<\/strong><\/li>\n<\/ul>\n\n\n\n<p>Weitere Infos auf der Website der Stadt Freiburg: <a href=\"https:\/\/www.freiburg.de\/pb\/1701676.html\">Stadtradeln &#8211; www.freiburg.de &#8211; Mobilit\u00e4t und Verkehr\/mit dem Fahrrad\/Stadtradeln<\/a><\/p>\n\n\n\n<blockquote class=\"wp-block-quote is-layout-flow wp-block-quote-is-layout-flow\">\n<p id=\"block-97d6d46f-7080-4ea5-8b6b-17fd62add443\"><strong><em>JobRad hat das diesj\u00e4hrige Stadtradeln mit einer Spende unterst\u00fctzt: Pro Kilometer gab es einen Cent f\u00fcr gemeinn\u00fctzige Initiativen mit Mobilit\u00e4tsbezug: <\/em><\/strong><\/p>\n\n\n\n<p id=\"block-97d6d46f-7080-4ea5-8b6b-17fd62add443\"><strong><em>\u201eBike Bridge\u201c bewegt, verbindet und st\u00e4rkt durch das Fahrrad(-fahren) Gesellschaft und insbesondere Frauen. \u201eRadeln ohne Alter\u201c unternimmt ehrenamtlich Rikscha-Fahrten mit Menschen, die nicht mehr selbst in die Pedale treten k\u00f6nnen. <\/em><\/strong><\/p>\n\n\n\n<p id=\"block-97d6d46f-7080-4ea5-8b6b-17fd62add443\"><strong><em>Durch die Kilometer, die in Freiburg zur\u00fcckgelegt wurden, kommen beiden Vereinen \u00fcber 10.000 Euro zugute.<\/em><\/strong><\/p>\n\n\n\n<p id=\"block-97d6d46f-7080-4ea5-8b6b-17fd62add443\"><strong><em>Wir StaudisRadeln2024 unterst\u00fctzen mit 200 Euro diese tolle Sache <\/em><\/strong><strong><em>\u2764\u2764\u2764<\/em><\/strong><\/p>\n<\/blockquote>\n\n\n\n<h2 class=\"wp-block-heading\" id=\"block-584ca58a-8603-46c4-9e2d-1114aff9525b\"><\/h2>\n\n\n\n<p id=\"block-ac69d5c5-fe6e-42c7-8999-ecfdabc0bece\">Wir sind gerne beim Stadtradeln Freiburg <strong>2025 <\/strong>wieder mit dabei \u2013 <strong>VIELLEICHT AUCH DU\/SIE!!!<\/strong><br><br>F\u00fcr das Engagement bedankt sich Teamcapitain Sylvia Hassler, Elternvertreterin 10a.<\/p>\n","protected":false},"excerpt":{"rendered":"<p>Drei Wochen lang haben Sch\u00fcler:innen, Eltern, Lehrer:innen und Staudi-Engagierte f\u00fcr unser Schulteam beim Stadtradeln Kilometer gesammelt. WIR\u2026 Weitere Infos auf der Website der Stadt Freiburg: Stadtradeln &#8211; www.freiburg.de &#8211; Mobilit\u00e4t [&hellip;]<\/p>\n","protected":false},"author":1,"featured_media":0,"comment_status":"closed","ping_status":"closed","sticky":false,"template":"","format":"standard","meta":{"footnotes":""},"categories":[1],"tags":[19],"class_list":["post-779","post","type-post","status-publish","format-standard","hentry","category-uncategorized","tag-aktionen"],"_links":{"self":[{"href":"https:\/\/elternbeirat-staudinger-gesamtschule.de\/index.php?rest_route=\/wp\/v2\/posts\/779","targetHints":{"allow":["GET"]}}],"collection":[{"href":"https:\/\/elternbeirat-staudinger-gesamtschule.de\/index.php?rest_route=\/wp\/v2\/posts"}],"about":[{"href":"https:\/\/elternbeirat-staudinger-gesamtschule.de\/index.php?rest_route=\/wp\/v2\/types\/post"}],"author":[{"embeddable":true,"href":"https:\/\/elternbeirat-staudinger-gesamtschule.de\/index.php?rest_route=\/wp\/v2\/users\/1"}],"replies":[{"embeddable":true,"href":"https:\/\/elternbeirat-staudinger-gesamtschule.de\/index.php?rest_route=%2Fwp%2Fv2%2Fcomments&post=779"}],"version-history":[{"count":3,"href":"https:\/\/elternbeirat-staudinger-gesamtschule.de\/index.php?rest_route=\/wp\/v2\/posts\/779\/revisions"}],"predecessor-version":[{"id":790,"href":"https:\/\/elternbeirat-staudinger-gesamtschule.de\/index.php?rest_route=\/wp\/v2\/posts\/779\/revisions\/790"}],"wp:attachment":[{"href":"https:\/\/elternbeirat-staudinger-gesamtschule.de\/index.php?rest_route=%2Fwp%2Fv2%2Fmedia&parent=779"}],"wp:term":[{"taxonomy":"category","embeddable":true,"href":"https:\/\/elternbeirat-staudinger-gesamtschule.de\/index.php?rest_route=%2Fwp%2Fv2%2Fcategories&post=779"},{"taxonomy":"post_tag","embeddable":true,"href":"https:\/\/elternbeirat-staudinger-gesamtschule.de\/index.php?rest_route=%2Fwp%2Fv2%2Ftags&post=779"}],"curies":[{"name":"wp","href":"https:\/\/api.w.org\/{rel}","templated":true}]}}