{"id":1187,"date":"2025-09-15T20:27:08","date_gmt":"2025-09-15T18:27:08","guid":{"rendered":"https:\/\/elternbeirat-staudinger-gesamtschule.de\/?p=1187"},"modified":"2025-09-15T20:30:48","modified_gmt":"2025-09-15T18:30:48","slug":"stadtradeln-rueckblick","status":"publish","type":"post","link":"https:\/\/elternbeirat-staudinger-gesamtschule.de\/?p=1187","title":{"rendered":"Stadtradeln &#8211; R\u00fcckblick"},"content":{"rendered":"\n<p>STADTRADELN \u2013 das ist die perfekte Kombination aus Teamspirit, Frischluft und Klimaschutz.<br>Ein aktives und positives Zeichen f\u00fcr mehr nachhaltige Mobilit\u00e4t.<br>Nicht nur Stadtradeln Freiburg hat Rekorde gebrochen, sondern auch wir StaudisRadeln2025:<\/p>\n\n\n\n<ul class=\"wp-block-list\">\n<li>172 Radelnde von insgesamt 11.298 Freiburger*innen<\/li>\n\n\n\n<li>Platz 11 (!) von insgesamt 578 Freiburger Teams<\/li>\n\n\n\n<li>32.127 km von insgesamt 2.751.616 geradelten Freiburger Kilometer<\/li>\n\n\n\n<li>5.269 kg von insgesamt 451.000 kg CO2 Vermeidung<\/li>\n\n\n\n<li>Wettbewerb Schulradeln &#8211; Platz 3 (!) von insgesamt 46 Freiburger Schulteams<\/li>\n\n\n\n<li>ALLE (!) Klassen haben an unserem freundschaftlichen, schulinternen Wettbewerb<br>teilgenommen. Nochmals ein herzliches und gro\u00dfes Dankesch\u00f6n an die Umwelt &amp; Mehr<br>AG und an Benjamin Gerner f\u00fcr diese gro\u00dfartige Initiative und ihr Engagement. Die<br>Preise wurden bereits verteilt und Benjamin Gerner hat sogar einen StaudisRadeln<br>Wanderpokal gestaltet<\/li>\n\n\n\n<li>2025 ist unser Stadtradel-K\u00f6nig Tobias Kurzeder mit 660 km (!!!)<\/li>\n<\/ul>\n\n\n\n<p><br>Es gab wieder herausragende Einzelleistungen und beachtliche Gesamtkilometer von<br>den Top 3 Klassen 11b, 9d und 8a. Dar\u00fcber hinaus werden die Klassen 6a, 6b und 6<br>mit Gutscheinen zum Eis essen belohnt \u2013 sie hatten die meisten aktiven Radelnde. Was<br>f\u00fcr eine tolle Dynamik!<\/p>\n\n\n\n<p><br>Wir StaudisRadeln2025 sind f\u00fcr den F\u00f6rderpreis 2025 vorgeschlagen.<br>sind gerne beim Stadtradeln Freiburg 2026 wieder mit dabei \u2013<br>VIELLEICHT AUCH DU\/SIE!!<\/p>\n\n\n\n<p><br>JobRad hat das diesj\u00e4hrige Stadtradeln wieder mit einer Spende unterst\u00fctzt: Pro Kilometer gab<br>es einen Cent f\u00fcr gemeinn\u00fctzige Initiativen mit Mobilit\u00e4tsbezug: An die Verkehrswacht<br>Freiburg-M\u00fcllheim f\u00fcr den Kauf von Fahrr\u00e4dern f\u00fcr die Jugendverkehrsschule und an Bike &amp;<br>Belong Kids von Bike Bridge zur F\u00f6rderung des Fahrradfahrens von Kindern. Durch die<br>Kilometer, die in Freiburg zur\u00fcckgelegt wurden, kommen beiden Vereinen je rund 14.000<br>Euro zugute.<br>Wir StaudisRadeln2025 unterst\u00fctzen mit 321 Euro diese tolle Sache \u2764\u2764<\/p>\n\n\n\n<p><\/p>\n","protected":false},"excerpt":{"rendered":"<p>STADTRADELN \u2013 das ist die perfekte Kombination aus Teamspirit, Frischluft und Klimaschutz.Ein aktives und positives Zeichen f\u00fcr mehr nachhaltige Mobilit\u00e4t.Nicht nur Stadtradeln Freiburg hat Rekorde gebrochen, sondern auch wir StaudisRadeln2025: [&hellip;]<\/p>\n","protected":false},"author":1,"featured_media":1189,"comment_status":"closed","ping_status":"closed","sticky":false,"template":"","format":"standard","meta":{"footnotes":""},"categories":[7],"tags":[],"class_list":["post-1187","post","type-post","status-publish","format-standard","has-post-thumbnail","hentry","category-aktionen"],"_links":{"self":[{"href":"https:\/\/elternbeirat-staudinger-gesamtschule.de\/index.php?rest_route=\/wp\/v2\/posts\/1187","targetHints":{"allow":["GET"]}}],"collection":[{"href":"https:\/\/elternbeirat-staudinger-gesamtschule.de\/index.php?rest_route=\/wp\/v2\/posts"}],"about":[{"href":"https:\/\/elternbeirat-staudinger-gesamtschule.de\/index.php?rest_route=\/wp\/v2\/types\/post"}],"author":[{"embeddable":true,"href":"https:\/\/elternbeirat-staudinger-gesamtschule.de\/index.php?rest_route=\/wp\/v2\/users\/1"}],"replies":[{"embeddable":true,"href":"https:\/\/elternbeirat-staudinger-gesamtschule.de\/index.php?rest_route=%2Fwp%2Fv2%2Fcomments&post=1187"}],"version-history":[{"count":4,"href":"https:\/\/elternbeirat-staudinger-gesamtschule.de\/index.php?rest_route=\/wp\/v2\/posts\/1187\/revisions"}],"predecessor-version":[{"id":1194,"href":"https:\/\/elternbeirat-staudinger-gesamtschule.de\/index.php?rest_route=\/wp\/v2\/posts\/1187\/revisions\/1194"}],"wp:featuredmedia":[{"embeddable":true,"href":"https:\/\/elternbeirat-staudinger-gesamtschule.de\/index.php?rest_route=\/wp\/v2\/media\/1189"}],"wp:attachment":[{"href":"https:\/\/elternbeirat-staudinger-gesamtschule.de\/index.php?rest_route=%2Fwp%2Fv2%2Fmedia&parent=1187"}],"wp:term":[{"taxonomy":"category","embeddable":true,"href":"https:\/\/elternbeirat-staudinger-gesamtschule.de\/index.php?rest_route=%2Fwp%2Fv2%2Fcategories&post=1187"},{"taxonomy":"post_tag","embeddable":true,"href":"https:\/\/elternbeirat-staudinger-gesamtschule.de\/index.php?rest_route=%2Fwp%2Fv2%2Ftags&post=1187"}],"curies":[{"name":"wp","href":"https:\/\/api.w.org\/{rel}","templated":true}]}}