{"id":1119,"date":"2025-06-12T12:36:12","date_gmt":"2025-06-12T10:36:12","guid":{"rendered":"https:\/\/elternbeirat-staudinger-gesamtschule.de\/?p=1119"},"modified":"2025-06-12T12:42:36","modified_gmt":"2025-06-12T10:42:36","slug":"stadtradeln-2025-dein-beitrag-fuers-klima","status":"publish","type":"post","link":"https:\/\/elternbeirat-staudinger-gesamtschule.de\/?p=1119","title":{"rendered":"Stadtradeln 2025 &#8211; Dein Beitrag f\u00fcrs Klima"},"content":{"rendered":"\n<p>Liebe Eltern,<\/p>\n\n\n\n<p><strong>vom 28. Juni bis 18. Juli 2025<\/strong>\u00a0tritt Freiburg erneut kr\u00e4ftig in die Pedale! Beim\u00a0<strong>STADTRADELN 2025<\/strong>\u00a0sammeln wir gemeinsam Radkilometer &#8211; f\u00fcr mehr Klimaschutz, bessere Luft und lebenswertere St\u00e4dte. <br>Infos unter: <a href=\"https:\/\/www.freiburg.de\/pb\/,Lde\/1701676.html\">https:\/\/www.freiburg.de\/pb\/,Lde\/1701676.html<\/a><br><strong>Ich hoffe, Ihr seid alle wieder mit dabei<\/strong>!<\/p>\n\n\n\n<p>Wir wollen in diesem Jahr einen<strong> freundschaftlichen, schulinternen Wettbewerb mit Klassen-Unterteams <\/strong>starten. Daf\u00fcr sind bereits im <strong>Hauptteam<\/strong> <strong>StaudisRadeln2025<\/strong> alle Klassen, inkl. Kursstufe K1 als <strong>Unterteam<\/strong> angelegt.\u00a0Es ist ganz einfach &#8211; bei der Registrierung zus\u00e4tzlich das Unterteam w\u00e4hlen.<br><strong>In den Unterteams sollen bitte nur Sch\u00fclerinnen und Sch\u00fcler, sowie die Klassenlehrer*innen bzw. Tutor*innen der K1 starten.<\/strong><br>Die <strong>Umwelt &amp; mehr AG <\/strong>(Ansprechpartner: Herr Gerner) haben sich daf\u00fcr tolle Preise \u00fcberlegt \u00a0&#8211; herzlichen Dank im Voraus f\u00fcr diese tolle Initiative. Vergangenes Jahr wurden wir StaudisRadeln2024 mit einem F\u00f6rderpreis vom F\u00f6rderkreis belohnt, welcher daf\u00fcr verwendet wird.<\/p>\n\n\n\n<ul class=\"wp-block-list\">\n<li>einmal Eis essen f\u00fcr die Klasse mit den meisten aktiven Teilnehmern<\/li>\n\n\n\n<li>je einmal Eis essen f\u00fcr die drei Klassen mit den meisten Gesamtkilometern<\/li>\n\n\n\n<li>je ein Buchpreis f\u00fcr die f\u00fcnf besten Einzelleistungen<\/li>\n<\/ul>\n\n\n\n<h2 class=\"wp-block-heading\">Wie kann ich mitmachen?<\/h2>\n\n\n\n<p>Die Anmeldung ist ab sofort m\u00f6glich. Einfach registrieren unter <a href=\"https:\/\/www.stadtradeln.de\/registrieren\" target=\"_blank\" rel=\"noreferrer noopener\">https:\/\/www.stadtradeln.de\/registrieren<\/a>. Stadtradeln-Accounts aus dem Vorjahr k\u00f6nnen selbstverst\u00e4ndlich reaktiviert werden. Man wird entsprechend auf der Homepage angeleitet, ganz easy &#8230;<\/p>\n\n\n\n<ol class=\"wp-block-list\">\n<li>Bundesland und Kommune w\u00e4hlen<\/li>\n\n\n\n<li>Vorhandenem Team beitreten: <strong>\u00a0StaudisRadeln2025 <\/strong>und <strong>Unterteam\/Klasse<\/strong> ausw\u00e4hlen<\/li>\n\n\n\n<li>Anleitung \u201eKilometer eintragen\u201c im Anhang &#8211; wertvolle Hinweise, bitte unbedingt beachten, Danke.<\/li>\n<\/ol>\n\n\n\n<p>Wir starten als Schulteam und nehmen somit automatisch auch wieder am Sonderwettbewerb &#8222;Schulradeln&#8220; aller teilnehmenden Freiburger Schulen teil. Viele interessante Infos zu Aktionen, Preisen, Kreativwettbewerb uvm. gibt es unter <a href=\"https:\/\/www.movers-bw.de\/bausteine-mit-aktionsfokus\/schulradeln\" target=\"_blank\" rel=\"noreferrer noopener\">https:\/\/www.movers-bw.de\/bausteine-mit-aktionsfokus\/schulradeln<\/a><\/p>\n\n\n\n<p>Bei Fragen gerne an <a href=\"mailto:stadtradeln@elternbeirat-staudinger-gesamtschule.de\" target=\"_blank\" rel=\"noreferrer noopener\">stadtradeln@elternbeirat-staudinger-gesamtschule.de<\/a> schreiben.<\/p>\n\n\n\n<p>Macht kr\u00e4ftig Werbung bei Mitsch\u00fclerinnen und Mitsch\u00fclern, im Lehrerteam, in der Familie, bei Freunden und und und&#8230;.<\/p>\n\n\n\n<p>Ich freue mich &#8211; euer Team Captain Sylvia<\/p>\n","protected":false},"excerpt":{"rendered":"<p>Liebe Eltern, vom 28. Juni bis 18. Juli 2025\u00a0tritt Freiburg erneut kr\u00e4ftig in die Pedale! Beim\u00a0STADTRADELN 2025\u00a0sammeln wir gemeinsam Radkilometer &#8211; f\u00fcr mehr Klimaschutz, bessere Luft und lebenswertere St\u00e4dte. Infos [&hellip;]<\/p>\n","protected":false},"author":1,"featured_media":0,"comment_status":"closed","ping_status":"closed","sticky":false,"template":"","format":"standard","meta":{"footnotes":""},"categories":[7],"tags":[19],"class_list":["post-1119","post","type-post","status-publish","format-standard","hentry","category-aktionen","tag-aktionen"],"_links":{"self":[{"href":"https:\/\/elternbeirat-staudinger-gesamtschule.de\/index.php?rest_route=\/wp\/v2\/posts\/1119","targetHints":{"allow":["GET"]}}],"collection":[{"href":"https:\/\/elternbeirat-staudinger-gesamtschule.de\/index.php?rest_route=\/wp\/v2\/posts"}],"about":[{"href":"https:\/\/elternbeirat-staudinger-gesamtschule.de\/index.php?rest_route=\/wp\/v2\/types\/post"}],"author":[{"embeddable":true,"href":"https:\/\/elternbeirat-staudinger-gesamtschule.de\/index.php?rest_route=\/wp\/v2\/users\/1"}],"replies":[{"embeddable":true,"href":"https:\/\/elternbeirat-staudinger-gesamtschule.de\/index.php?rest_route=%2Fwp%2Fv2%2Fcomments&post=1119"}],"version-history":[{"count":13,"href":"https:\/\/elternbeirat-staudinger-gesamtschule.de\/index.php?rest_route=\/wp\/v2\/posts\/1119\/revisions"}],"predecessor-version":[{"id":1132,"href":"https:\/\/elternbeirat-staudinger-gesamtschule.de\/index.php?rest_route=\/wp\/v2\/posts\/1119\/revisions\/1132"}],"wp:attachment":[{"href":"https:\/\/elternbeirat-staudinger-gesamtschule.de\/index.php?rest_route=%2Fwp%2Fv2%2Fmedia&parent=1119"}],"wp:term":[{"taxonomy":"category","embeddable":true,"href":"https:\/\/elternbeirat-staudinger-gesamtschule.de\/index.php?rest_route=%2Fwp%2Fv2%2Fcategories&post=1119"},{"taxonomy":"post_tag","embeddable":true,"href":"https:\/\/elternbeirat-staudinger-gesamtschule.de\/index.php?rest_route=%2Fwp%2Fv2%2Ftags&post=1119"}],"curies":[{"name":"wp","href":"https:\/\/api.w.org\/{rel}","templated":true}]}}